{"id":169,"__str__":"Indica\u00e7\u00e3o n\u00ba 47 de 2021","link_detail_backend":"/materia/169","metadata":{},"numero":47,"ano":2021,"numero_protocolo":null,"data_apresentacao":"2021-01-04","tipo_apresentacao":"","data_publicacao":null,"numero_origem_externa":"","ano_origem_externa":null,"data_origem_externa":null,"apelido":"","dias_prazo":null,"data_fim_prazo":null,"em_tramitacao":false,"polemica":false,"objeto":"","complementar":false,"ementa":"Apresento a Vossa Excel\u00eancia, a presente Indica\u00e7\u00e3o, sugerindo ao Exmo. Senhor Prefeito de Barra Mansa, depois de ouvido o Plen\u00e1rio desta Casa, para que seja feita a Reforma Completa das Escadas de acesso (ao lado da Igreja Cat\u00f3lica S\u00e3o Francisco de Assis) entre os bairros S\u00e3o Francisco de Assis e Santa Izabel BM.","indexacao":"","observacao":"","resultado":"","texto_original":"http://sapl.barramansa.rj.leg.br/media/sapl/public/materialegislativa/2021/169/ind.047-21_-_reforma_escadao_acesso_sao_francisco_e_sta_izabel.pdf","data_ultima_atualizacao":"2022-06-01T08:48:35.505613-03:00","ip":"138.0.115.230","ultima_edicao":"2021-01-08T08:56:23.309926-03:00","tipo":5,"regime_tramitacao":5,"tipo_origem_externa":null,"local_origem_externa":null,"user":2,"anexadas":[],"autores":[67]}