{"id":3319,"__str__":"Indica\u00e7\u00e3o n\u00ba 2296 de 2021","link_detail_backend":"/materia/3319","metadata":{},"numero":2296,"ano":2021,"numero_protocolo":null,"data_apresentacao":"2021-01-04","tipo_apresentacao":"","data_publicacao":null,"numero_origem_externa":"","ano_origem_externa":null,"data_origem_externa":null,"apelido":"","dias_prazo":null,"data_fim_prazo":null,"em_tramitacao":false,"polemica":false,"objeto":"","complementar":false,"ementa":"revitaliza\u00e7\u00e3o da Pra\u00e7a Eva Pereira de Lima, localizada na Av. Orlando Brand\u00e3o, no bairro Ano Bom","indexacao":"","observacao":"","resultado":"","texto_original":"http://sapl.barramansa.rj.leg.br/media/sapl/public/materialegislativa/2021/3319/indicacao_2296_revitalizacao_da_praca_eva_pereira_de_lima_localizada_na_av._orlando_brandao_-_ano_bom.pdf","data_ultima_atualizacao":"2022-06-28T08:43:11.088555-03:00","ip":"138.0.115.230","ultima_edicao":"2021-03-05T17:21:03.132721-03:00","tipo":5,"regime_tramitacao":5,"tipo_origem_externa":null,"local_origem_externa":null,"user":2,"anexadas":[],"autores":[59]}