{"id":3445,"__str__":"Indica\u00e7\u00e3o n\u00ba 3287 de 2021","link_detail_backend":"/materia/3445","metadata":{},"numero":3287,"ano":2021,"numero_protocolo":null,"data_apresentacao":"2021-04-08","tipo_apresentacao":"","data_publicacao":null,"numero_origem_externa":"","ano_origem_externa":null,"data_origem_externa":null,"apelido":"","dias_prazo":null,"data_fim_prazo":null,"em_tramitacao":false,"polemica":false,"objeto":"","complementar":false,"ementa":"Solicita que os Profissionais que atuam em estabelecimentos farmac\u00eauticos e drogarias sejam inclu\u00eddos como grupo priorit\u00e1rio na vacina\u00e7\u00e3o contra o Covid-19, nesta cidade.","indexacao":"","observacao":"","resultado":"","texto_original":"http://sapl.barramansa.rj.leg.br/media/sapl/public/materialegislativa/2021/3445/ind_farmacia.2021.pdf","data_ultima_atualizacao":"2021-04-16T10:59:53.097183-03:00","ip":"138.0.115.230","ultima_edicao":"2021-04-09T13:07:30.270741-03:00","tipo":5,"regime_tramitacao":5,"tipo_origem_externa":null,"local_origem_externa":null,"user":12,"anexadas":[],"autores":[53]}