{"id":5548,"__str__":"Projeto de Lei Ordin\u00e1ria n\u00ba 26 de 2023","link_detail_backend":"/materia/5548","metadata":{},"numero":26,"ano":2023,"numero_protocolo":null,"data_apresentacao":"2023-03-02","tipo_apresentacao":"","data_publicacao":null,"numero_origem_externa":"","ano_origem_externa":null,"data_origem_externa":null,"apelido":"","dias_prazo":null,"data_fim_prazo":null,"em_tramitacao":false,"polemica":false,"objeto":"","complementar":false,"ementa":"Fica institu\u00edda, no munic\u00edpio de Barra Mansa, a semana de conscientiza\u00e7\u00e3o sobre o combate a viol\u00eancia dom\u00e9stica e familiar contra a mulher, no ambiente da rede de ensino municipal.","indexacao":"","observacao":"","resultado":"","texto_original":"http://sapl.barramansa.rj.leg.br/media/sapl/public/materialegislativa/2023/5548/pl_26.2023.pdf","data_ultima_atualizacao":"2025-01-08T17:37:46.202853-03:00","ip":"45.169.190.232","ultima_edicao":"2023-03-07T14:33:26.070101-03:00","tipo":7,"regime_tramitacao":5,"tipo_origem_externa":null,"local_origem_externa":null,"user":52,"anexadas":[6614],"autores":[81]}