{"id":7725,"__str__":"Indica\u00e7\u00e3o n\u00ba 428 de 2025","link_detail_backend":"/materia/7725","metadata":{},"numero":428,"ano":2025,"numero_protocolo":null,"data_apresentacao":"2025-01-02","tipo_apresentacao":"","data_publicacao":null,"numero_origem_externa":"","ano_origem_externa":null,"data_origem_externa":null,"apelido":"","dias_prazo":null,"data_fim_prazo":null,"em_tramitacao":true,"polemica":false,"objeto":"","complementar":false,"ementa":"Instala\u00e7\u00e3o de ilumina\u00e7\u00e3o p\u00fablica do Rio Para\u00edba do Sul no trecho entre a Avenida Presidente Vargas (pr\u00f3ximo \u00e0 C\u00e2mara Municipal) e a Avenida Argemiro de Paula Coutinho (pr\u00f3ximo ao F\u00f3rum) no Bairro Centro, nesta cidade.","indexacao":"","observacao":"","resultado":"","texto_original":null,"data_ultima_atualizacao":"2025-01-27T15:04:25.294535-03:00","ip":"179.42.7.162","ultima_edicao":"2025-01-21T15:56:33.672829-03:00","tipo":5,"regime_tramitacao":5,"tipo_origem_externa":null,"local_origem_externa":null,"user":53,"anexadas":[],"autores":[59]}