{"id":8019,"__str__":"Indica\u00e7\u00e3o n\u00ba 623 de 2025","link_detail_backend":"/materia/8019","metadata":{},"numero":623,"ano":2025,"numero_protocolo":null,"data_apresentacao":"2025-01-02","tipo_apresentacao":"","data_publicacao":null,"numero_origem_externa":"","ano_origem_externa":null,"data_origem_externa":null,"apelido":"","dias_prazo":null,"data_fim_prazo":null,"em_tramitacao":true,"polemica":false,"objeto":"","complementar":false,"ementa":"Revitaliza\u00e7\u00e3o e melhoria da ilumina\u00e7\u00e3o p\u00fablica da Pra\u00e7a Eva Pereira de Lima, no Bairro Ano Bom, nesta cidade.","indexacao":"","observacao":"","resultado":"","texto_original":null,"data_ultima_atualizacao":"2025-04-29T13:58:39.233309-03:00","ip":"179.42.7.162","ultima_edicao":"2025-01-27T18:20:12.145623-03:00","tipo":5,"regime_tramitacao":5,"tipo_origem_externa":null,"local_origem_externa":null,"user":53,"anexadas":[],"autores":[59]}