{"id":8089,"__str__":"Indica\u00e7\u00e3o n\u00ba 647 de 2025","link_detail_backend":"/materia/8089","metadata":{},"numero":647,"ano":2025,"numero_protocolo":null,"data_apresentacao":"2025-01-02","tipo_apresentacao":"","data_publicacao":null,"numero_origem_externa":"","ano_origem_externa":null,"data_origem_externa":null,"apelido":"","dias_prazo":null,"data_fim_prazo":null,"em_tramitacao":true,"polemica":false,"objeto":"","complementar":false,"ementa":"Revitaliza\u00e7\u00e3o e reforma da pra\u00e7a na Rua Luiz DOMINGOS -  no  Bairro Monte Cristo, nesta cidade.","indexacao":"","observacao":"","resultado":"","texto_original":null,"data_ultima_atualizacao":"2025-01-30T13:01:10.431848-03:00","ip":"179.42.7.162","ultima_edicao":"2025-01-28T14:48:14.471073-03:00","tipo":5,"regime_tramitacao":5,"tipo_origem_externa":null,"local_origem_externa":null,"user":53,"anexadas":[],"autores":[59]}