{"id":85,"__str__":"Indica\u00e7\u00e3o n\u00ba 28 de 2021","link_detail_backend":"/materia/85","metadata":{},"numero":28,"ano":2021,"numero_protocolo":null,"data_apresentacao":"2021-01-04","tipo_apresentacao":"","data_publicacao":null,"numero_origem_externa":"","ano_origem_externa":null,"data_origem_externa":null,"apelido":"","dias_prazo":null,"data_fim_prazo":null,"em_tramitacao":false,"polemica":false,"objeto":"","complementar":false,"ementa":"Apresento a Vossa Excel\u00eancia, a presente Indica\u00e7\u00e3o, sugerindo ao Exmo. Senhor Prefeito de Barra Mansa, depois de ouvido o Plen\u00e1rio desta Casa, \u00e1 proceder Reinstala\u00e7\u00e3o e Reativa\u00e7\u00e3o das C\u00e2meras de seguran\u00e7a do PSF Maria Ver\u00f4nica da Silva (Posto de Sa\u00fade da Fam\u00edlia) situado na Rua Hor\u00e1cio Silva no Bairro S\u00e3o Francisco de Assis BM.","indexacao":"","observacao":"","resultado":"","texto_original":"http://sapl.barramansa.rj.leg.br/media/sapl/public/materialegislativa/2021/85/ind.028-21_-_reinstalacao_de_cameras_seguranca_psf_sao_francisco_de_assis.pdf","data_ultima_atualizacao":"2022-04-01T12:20:58.486214-03:00","ip":"179.95.166.31","ultima_edicao":"2021-01-05T19:57:39.833124-03:00","tipo":5,"regime_tramitacao":5,"tipo_origem_externa":null,"local_origem_externa":null,"user":2,"anexadas":[],"autores":[67]}