{"id":9176,"__str__":"Indica\u00e7\u00e3o n\u00ba 1921 de 2025","link_detail_backend":"/materia/9176","metadata":{},"numero":1921,"ano":2025,"numero_protocolo":null,"data_apresentacao":"2025-05-14","tipo_apresentacao":"","data_publicacao":null,"numero_origem_externa":"","ano_origem_externa":null,"data_origem_externa":null,"apelido":"","dias_prazo":null,"data_fim_prazo":null,"em_tramitacao":true,"polemica":false,"objeto":"","complementar":false,"ementa":"Constru\u00e7\u00e3o de escadas externas no Pa\u00e7o Municipal do Centro Administrativo Prefeito Luiz Amaral, de forma a que em eventuais emerg\u00eancias, os visitantes e trabalhadores consigam evacuar o pr\u00e9dio.","indexacao":"","observacao":"","resultado":"","texto_original":null,"data_ultima_atualizacao":"2025-05-15T16:04:30.152498-03:00","ip":"179.42.7.162","ultima_edicao":"2025-05-14T15:57:08.947000-03:00","tipo":5,"regime_tramitacao":5,"tipo_origem_externa":null,"local_origem_externa":null,"user":53,"anexadas":[],"autores":[54]}