{"id":921,"__str__":"Indica\u00e7\u00e3o n\u00ba 171 de 2021","link_detail_backend":"/materia/921","metadata":{},"numero":171,"ano":2021,"numero_protocolo":null,"data_apresentacao":"2021-01-04","tipo_apresentacao":"","data_publicacao":null,"numero_origem_externa":"","ano_origem_externa":null,"data_origem_externa":null,"apelido":"","dias_prazo":null,"data_fim_prazo":null,"em_tramitacao":false,"polemica":false,"objeto":"","complementar":false,"ementa":"Instala\u00e7\u00e3o de aparelhos de ar condicionado na Escola Francisco Villela de Andrade no bairro S\u00e3o Francisco de Assis - BM.","indexacao":"","observacao":"","resultado":"","texto_original":"http://sapl.barramansa.rj.leg.br/media/sapl/public/materialegislativa/2021/921/ind_171-21.pdf","data_ultima_atualizacao":"2022-05-11T10:30:52.177518-03:00","ip":"138.0.115.230","ultima_edicao":"2021-01-15T11:50:44.679149-03:00","tipo":5,"regime_tramitacao":5,"tipo_origem_externa":null,"local_origem_externa":null,"user":2,"anexadas":[],"autores":[67]}