{"id":9330,"__str__":"Indica\u00e7\u00e3o n\u00ba 2073 de 2025","link_detail_backend":"/materia/9330","metadata":{},"numero":2073,"ano":2025,"numero_protocolo":null,"data_apresentacao":"2025-05-16","tipo_apresentacao":"","data_publicacao":null,"numero_origem_externa":"","ano_origem_externa":null,"data_origem_externa":null,"apelido":"","dias_prazo":null,"data_fim_prazo":null,"em_tramitacao":true,"polemica":false,"objeto":"","complementar":false,"ementa":"Recomposi\u00e7\u00e3o da Mata Ciliar do C\u00f3rrego das Laranjeiras, no Distrito de Santa Rita de C\u00e1ssia.","indexacao":"","observacao":"","resultado":"","texto_original":null,"data_ultima_atualizacao":"2025-05-21T12:05:56.350443-03:00","ip":"179.42.7.162","ultima_edicao":"2025-05-16T13:07:19.724860-03:00","tipo":5,"regime_tramitacao":5,"tipo_origem_externa":null,"local_origem_externa":null,"user":53,"anexadas":[],"autores":[54]}