{"id":9366,"__str__":"Indica\u00e7\u00e3o n\u00ba 2109 de 2025","link_detail_backend":"/materia/9366","metadata":{},"numero":2109,"ano":2025,"numero_protocolo":null,"data_apresentacao":"2025-05-19","tipo_apresentacao":"","data_publicacao":null,"numero_origem_externa":"","ano_origem_externa":null,"data_origem_externa":null,"apelido":"","dias_prazo":null,"data_fim_prazo":null,"em_tramitacao":true,"polemica":false,"objeto":"","complementar":false,"ementa":"Cria\u00e7\u00e3o da Feira do Artesanato no Distrito de Ant\u00f4nio Rocha.","indexacao":"","observacao":"","resultado":"","texto_original":null,"data_ultima_atualizacao":"2025-05-21T12:06:00.622464-03:00","ip":"179.42.7.162","ultima_edicao":"2025-05-19T14:36:45.632637-03:00","tipo":5,"regime_tramitacao":5,"tipo_origem_externa":null,"local_origem_externa":null,"user":53,"anexadas":[],"autores":[54]}