{"id":9387,"__str__":"Indica\u00e7\u00e3o n\u00ba 2130 de 2025","link_detail_backend":"/materia/9387","metadata":{},"numero":2130,"ano":2025,"numero_protocolo":null,"data_apresentacao":"2025-05-19","tipo_apresentacao":"","data_publicacao":null,"numero_origem_externa":"","ano_origem_externa":null,"data_origem_externa":null,"apelido":"","dias_prazo":null,"data_fim_prazo":null,"em_tramitacao":true,"polemica":false,"objeto":"","complementar":false,"ementa":"Apresenta\u00e7\u00e3o peri\u00f3dica de Concerto da Orquestra Sinf\u00f4nica do Projeto M\u00fasica nas Escolas da Regi\u00e3o Sudoeste do Distrito Sede.","indexacao":"","observacao":"","resultado":"","texto_original":null,"data_ultima_atualizacao":"2025-05-21T12:06:03.176044-03:00","ip":"179.42.7.162","ultima_edicao":"2025-05-19T15:31:34.081486-03:00","tipo":5,"regime_tramitacao":5,"tipo_origem_externa":null,"local_origem_externa":null,"user":53,"anexadas":[],"autores":[54]}