{"id":9448,"__str__":"Indica\u00e7\u00e3o n\u00ba 2191 de 2025","link_detail_backend":"/materia/9448","metadata":{"signs":{"texto_original":{"admin":[],"autores":[["Autentique Ltda",["2025-06-02T15:02:28-03:00","ICP-Brasil - presencial"]]]}}},"numero":2191,"ano":2025,"numero_protocolo":null,"data_apresentacao":"2025-05-19","tipo_apresentacao":"","data_publicacao":null,"numero_origem_externa":"","ano_origem_externa":null,"data_origem_externa":null,"apelido":"","dias_prazo":null,"data_fim_prazo":null,"em_tramitacao":false,"polemica":false,"objeto":"","complementar":false,"ementa":"constru\u00e7\u00e3o de uma quadra coberta no p\u00e1tio da Creche Jos\u00e9 Luiz Vaneli, situada na Rua Belo Horizonte, n\u00ba 278, Get\u00falio Vargas, Barra Mansa-RJ.","indexacao":"","observacao":"","resultado":"","texto_original":"http://sapl.barramansa.rj.leg.br/media/sapl/public/materialegislativa/2025/9448/ind_2191-25_conformidade.pdf","data_ultima_atualizacao":"2025-06-04T16:03:54.738524-03:00","ip":"179.42.7.162","ultima_edicao":"2025-06-04T16:03:54.542610-03:00","tipo":5,"regime_tramitacao":5,"tipo_origem_externa":null,"local_origem_externa":null,"user":53,"anexadas":[],"autores":[92]}