{"id":9607,"__str__":"Indica\u00e7\u00e3o n\u00ba 2347 de 2025","link_detail_backend":"/materia/9607","metadata":{},"numero":2347,"ano":2025,"numero_protocolo":null,"data_apresentacao":"2025-05-21","tipo_apresentacao":"","data_publicacao":null,"numero_origem_externa":"","ano_origem_externa":null,"data_origem_externa":null,"apelido":"","dias_prazo":null,"data_fim_prazo":null,"em_tramitacao":true,"polemica":false,"objeto":"","complementar":false,"ementa":"Constru\u00e7\u00e3o de um totem contendo uma placa, e que a placa seja coberta por um painel de acr\u00edlico para evitar vandalismo.\r\nEste totem a ser colocado na Rua Prefeito Jo\u00e3o Luiz no bairro Bocaininha, contendo a foto e um resumo biogr\u00e1fico do Prefeito Jo\u00e3o Luiz Ferreira - o primeiro prefeito da hist\u00f3ria de Barra Mansa, e incluso a hist\u00f3ria sobre a sua vida e seu governo.","indexacao":"","observacao":"","resultado":"","texto_original":null,"data_ultima_atualizacao":"2025-05-22T11:38:46.997874-03:00","ip":"179.42.7.162","ultima_edicao":"2025-05-21T16:11:21.463925-03:00","tipo":5,"regime_tramitacao":5,"tipo_origem_externa":null,"local_origem_externa":null,"user":53,"anexadas":[],"autores":[54]}