{"id":9806,"__str__":"Indica\u00e7\u00e3o n\u00ba 2496 de 2025","link_detail_backend":"/materia/9806","metadata":{},"numero":2496,"ano":2025,"numero_protocolo":null,"data_apresentacao":"2025-06-17","tipo_apresentacao":"","data_publicacao":null,"numero_origem_externa":"","ano_origem_externa":null,"data_origem_externa":null,"apelido":"","dias_prazo":null,"data_fim_prazo":null,"em_tramitacao":true,"polemica":false,"objeto":"","complementar":false,"ementa":"Substitui\u00e7\u00e3o Sustent\u00e1vel da Frota de \u00d4nibus por Ve\u00edculos El\u00e9tricos no Transporte P\u00fablico Coletivo de Barra Mansa, atrav\u00e9s de parcerias p\u00fablicas, privadas e linhas de cr\u00e9dito do governo federal.","indexacao":"","observacao":"","resultado":"","texto_original":null,"data_ultima_atualizacao":"2025-06-25T12:04:18.065926-03:00","ip":"179.42.7.162","ultima_edicao":"2025-06-17T16:24:21.991538-03:00","tipo":5,"regime_tramitacao":5,"tipo_origem_externa":null,"local_origem_externa":null,"user":53,"anexadas":[],"autores":[91]}