{"id":9815,"__str__":"Indica\u00e7\u00e3o n\u00ba 2505 de 2025","link_detail_backend":"/materia/9815","metadata":{},"numero":2505,"ano":2025,"numero_protocolo":null,"data_apresentacao":"2025-06-17","tipo_apresentacao":"","data_publicacao":null,"numero_origem_externa":"","ano_origem_externa":null,"data_origem_externa":null,"apelido":"","dias_prazo":null,"data_fim_prazo":null,"em_tramitacao":true,"polemica":false,"objeto":"","complementar":false,"ementa":"Implanta\u00e7\u00e3o de um programa de m\u00e9dicos nas escolas e creches da rede p\u00fablica.","indexacao":"","observacao":"","resultado":"","texto_original":null,"data_ultima_atualizacao":"2025-12-03T18:30:07.434552-03:00","ip":"179.42.7.162","ultima_edicao":"2025-06-17T16:33:07.720572-03:00","tipo":5,"regime_tramitacao":5,"tipo_origem_externa":null,"local_origem_externa":null,"user":53,"anexadas":[],"autores":[91]}